{"id":2737,"date":"2026-04-27T12:56:00","date_gmt":"2026-04-27T09:56:00","guid":{"rendered":"https:\/\/en.tomanifesto.gr\/?p=2737"},"modified":"2026-04-27T12:56:00","modified_gmt":"2026-04-27T09:56:00","slug":"dimitris-tsiodras-candidate-for-mep-of-the-year-in-the-category-single-market-and-european-competitiveness","status":"publish","type":"post","link":"https:\/\/en.tomanifesto.gr\/?p=2737","title":{"rendered":"Dimitris Tsiodras: Candidate for MEP of the Year in the category &#8220;Single Market and European Competitiveness&#8221;"},"content":{"rendered":"<p>The Award <b>Member of Parliament <\/b>of the Year in the &#8220;Single Market and European Competitiveness&#8221; category of the prestigious The Parliament Magazine has selected<b> Dimitris Tsiodras.<\/b><\/p>\n<p>After the announcement of <b>candidacy<\/b>, the MEP and spokesman of the New Democracy Group of the European Parliament said that &#8220;this candidacy is a <b>significant honour and recognition<\/b> of my work&#8221;, adding that &#8220;with 4 pieces of legislation as rapporteur<b>, 4 opinions, 47 speeches in plenary, 61 written questions<\/b> and hundreds of amendments, I have tried to contribute to a single market with rules and controls on imports, less bureaucracy, support for small and medium-sized enterprises and effective consumer protection.<\/b><\/p>\n<p>The list of a total of <b>four candidates for the award<\/b> is the result of a rigorous process following a proposal from bodies related to the subject matter and based on the key criterion of parliamentary contribution to promoting the completion of the single market and strengthening <b>European competitiveness<\/b>.<\/p>\n<p>It is noteworthy that <b>Dimitris Tsiodras<\/b> is the only one of the candidates elected<b> for the first time in 2024<\/b> as the list includes three very experienced MEPs with at least one term in the European Parliament, namely, Christian Ehler, Coordinator of the <b>European People&#8217;s Party (EPP<\/b>) in the Industry, Research and Energy Committee, Susana Sol\u00eds P\u00e9rez, Spanish EPP MEP and St\u00e9phanie Yon-Courtin, Liberal (Renew) Coordinator in the Economic and Monetary Policy Committee of the European Parliament.<\/p>\n<p>The <b>awards<\/b> will be presented during a special ceremony on <b>30 June in Brussels. <\/b>Regardless of the outcome, Dimitris Tsiodras noted that &#8220;in any case, the recognition of this effort has its own value and I pledge to continue in this way.&#8221;<\/p>\n<\/p>\n<p>\n","protected":false},"excerpt":{"rendered":"<p>As a candidate for the MEP of the year award in the category &#8220;Single Market and European Competitiveness&#8221; of the prestigious magazine &#8220;European &#8230;<\/p>\n","protected":false},"author":1,"featured_media":2738,"comment_status":"","ping_status":"","sticky":false,"template":"","format":"standard","meta":{"_acf_changed":false,"footnotes":""},"categories":[3],"tags":[],"class_list":["post-2737","post","type-post","status-publish","format-standard","has-post-thumbnail","hentry","category-politics"],"acf":[],"_links":{"self":[{"href":"https:\/\/en.tomanifesto.gr\/index.php?rest_route=\/wp\/v2\/posts\/2737","targetHints":{"allow":["GET"]}}],"collection":[{"href":"https:\/\/en.tomanifesto.gr\/index.php?rest_route=\/wp\/v2\/posts"}],"about":[{"href":"https:\/\/en.tomanifesto.gr\/index.php?rest_route=\/wp\/v2\/types\/post"}],"author":[{"embeddable":true,"href":"https:\/\/en.tomanifesto.gr\/index.php?rest_route=\/wp\/v2\/users\/1"}],"replies":[{"embeddable":true,"href":"https:\/\/en.tomanifesto.gr\/index.php?rest_route=%2Fwp%2Fv2%2Fcomments&post=2737"}],"version-history":[{"count":0,"href":"https:\/\/en.tomanifesto.gr\/index.php?rest_route=\/wp\/v2\/posts\/2737\/revisions"}],"wp:featuredmedia":[{"embeddable":true,"href":"https:\/\/en.tomanifesto.gr\/index.php?rest_route=\/wp\/v2\/media\/2738"}],"wp:attachment":[{"href":"https:\/\/en.tomanifesto.gr\/index.php?rest_route=%2Fwp%2Fv2%2Fmedia&parent=2737"}],"wp:term":[{"taxonomy":"category","embeddable":true,"href":"https:\/\/en.tomanifesto.gr\/index.php?rest_route=%2Fwp%2Fv2%2Fcategories&post=2737"},{"taxonomy":"post_tag","embeddable":true,"href":"https:\/\/en.tomanifesto.gr\/index.php?rest_route=%2Fwp%2Fv2%2Ftags&post=2737"}],"curies":[{"name":"wp","href":"https:\/\/api.w.org\/{rel}","templated":true}]}}