{"id":2844,"date":"2026-04-27T21:59:00","date_gmt":"2026-04-27T18:59:00","guid":{"rendered":"https:\/\/en.tomanifesto.gr\/?p=2844"},"modified":"2026-04-27T21:59:00","modified_gmt":"2026-04-27T18:59:00","slug":"dimitris-avramopoulos-attends-a-conference-in-ljubljana-slovenia-photos","status":"publish","type":"post","link":"https:\/\/en.tomanifesto.gr\/?p=2844","title":{"rendered":"Dimitris Avramopoulos attends a conference in Ljubljana, Slovenia (photos)"},"content":{"rendered":"<p data-path-to-node=\"3\">Former <b>European Commissioner<\/b> and MEP <b data-path-to-node=\"3\" data-index-in-node=\"42\">Dimitris Avramopoulos<\/b> participated as a <b data-path-to-node=\"3\" data-index-in-node=\"78\">key speaker<\/b> in a high-level <b>Conference<\/b> in <b data-path-to-node=\"3\" data-index-in-node=\"129\">Ljubljana<\/b>, <b>Slovenia<\/b>, on: <b data-path-to-node=\"3\" data-index-in-node=\"165\">&#8220;The New Security Geopolitics: How Will It Impact the EU and Its Enlargement?&#8221;<\/b>.<\/p>\n<p data-path-to-node=\"4\">The conference was co-organized by the think tank <b data-path-to-node=\"4\" data-index-in-node=\"45\">&#8220;Friends of the Western Balkans&#8221;<\/b> and the <b data-path-to-node=\"4\" data-index-in-node=\"85\">&#8220;Nizami Ganjavi International Center&#8221;<\/b>, with the participation of leading figures of the international political scene, as well as a large number of ambassadors and national representatives.<\/p>\n<figure><img decoding=\"async\" src=\"https:\/\/tomanifesto.cachefly.net\/tomanifesto\/images\/placeholder.png\" alt=\"image-5-1.jpeg\" data-dpc-media-id=\"187089\" class=\"lazyload\" data-src=\"https:\/\/tomanifesto.cachefly.net\/image\/large\/94\/image-5-1.jpeg\"><\/figure>\n<p data-path-to-node=\"6\">Among the participants were:<\/p>\n<ol data-path-to-node=\"7\">\n<li><b data-path-to-node=\"7,0,0\" data-index-in-node=\"0\">Nata\u0161a Pirc Musar<\/b>, President of Slovenia<\/li>\n<li><b data-path-to-node=\"7,1,0\" data-index-in-node=\"0\">Andrzej Duda<\/b>, former President of Poland<\/li>\n<li>\n<li><b data-path-to-node=\"7,2,0\" data-index-in-node=\"0\">Borut Pahor<\/b>, former President of Slovenia<\/li>\n<li>\n<li><b data-path-to-node=\"7,3,0\" data-index-in-node=\"0\">Kolinda Grabar-Kitarovi\u0107<\/b>, former President of Croatia<\/li>\n<li>\n<li><b data-path-to-node=\"7,4,0\" data-index-in-node=\"0\">Rosen Plevneliev<\/b>, former President of Bulgaria<\/li>\n<li>\n<li><b data-path-to-node=\"7,5,0\" data-index-in-node=\"0\">Petar Stoyanov<\/b>, former President of Bulgaria<\/li>\n<li>\n<li><b data-path-to-node=\"7,6,0\" data-index-in-node=\"0\">Boris Tadi\u0107<\/b>, former President of Serbia<\/li>\n<li><b data-path-to-node=\"7,7,0\" data-index-in-node=\"0\">Filip Vujanovi\u0107<\/b>, former President of Montenegro<\/li>\n<li>\n<li><b data-path-to-node=\"7,8,0\" data-index-in-node=\"0\">Mladen Ivani\u0107<\/b>, former member of the Presidency of Bosnia and Herzegovina<\/li>\n<li><b data-path-to-node=\"7,9,0\" data-index-in-node=\"0\">Jan Fischer<\/b>, former Prime Minister of the Czech Republic<\/li>\n<li>\n<li><b data-path-to-node=\"7,10,0\" data-index-in-node=\"0\">Dumitru Braghi\u0219<\/b>, former Prime Minister of Moldova<\/li>\n<li>\n<li><b data-path-to-node=\"7,11,0\" data-index-in-node=\"0\">Zlatko Lagumd\u017eija<\/b>, Permanent Representative of Bosnia and Herzegovina to the UN and former Prime Minister<\/li>\n<li>\n<li><b data-path-to-node=\"7,12,0\" data-index-in-node=\"0\">Volkan Bozk\u0131r<\/b>, President of the 75th Session of the UN General Assembly<\/li>\n<li><b data-path-to-node=\"7,13,0\" data-index-in-node=\"0\">Afrim Gashi<\/b>, Speaker of the Parliament of North Macedonia<\/li>\n<li>\n<li><b data-path-to-node=\"7,14,0\" data-index-in-node=\"0\">Ditmir Bushati<\/b>, former Minister of Foreign and European Affairs of Albania<\/li>\n<li>\n<li><b data-path-to-node=\"7,15,0\" data-index-in-node=\"0\">Milica Pejanovi\u0107-\u0110uri\u0161i\u0107<\/b>, former Minister of Defence of Montenegro<\/li>\n<li>\n<li><b data-path-to-node=\"7,16,0\" data-index-in-node=\"0\">Rene Troccaz<\/b>, French Special Envoy for the Western Balkans<\/li>\n<li>\n<li><b data-path-to-node=\"7,17,0\" data-index-in-node=\"0\">Ulrike Hartmann<\/b>, Austrian Special Envoy for the Western Balkans<\/li>\n<li><b data-path-to-node=\"7,18,0\" data-index-in-node=\"0\">Thomas Botzios<\/b>, Italian Special Envoy for the Western Balkans<\/li>\n<li>\n<li><b data-path-to-node=\"7,19,0\" data-index-in-node=\"0\">Anzej Franges<\/b>, Special Representative of Slovenia for the Western Balkans<\/li>\n<li>\n<li><b data-path-to-node=\"7,20,0\" data-index-in-node=\"0\">Jan Kubi\u0161<\/b>, Advisor to the President of Slovakia and former senior official of international organisations.<\/li>\n<\/ol>\n<p data-path-to-node=\"10\">In his speech, <b>Avramopoulos<\/b> stressed that the international community is in a period of <b data-path-to-node=\"10\" data-index-in-node=\"91\">deep geopolitical upheaval<\/b>, where security and power are returning to the centre of developments.<\/p>\n<figure><img decoding=\"async\" src=\"https:\/\/tomanifesto.cachefly.net\/tomanifesto\/images\/placeholder.png\" alt=\"image-2-1.jpeg\" data-dpc-media-id=\"187088\" class=\"lazyload\" data-src=\"https:\/\/tomanifesto.cachefly.net\/image\/large\/94\/image-2-1.jpeg\"><\/figure>\n<p>He stressed that <b>the European Union is at a crucial crossroads<\/b>, as enlargement is no longer a mere institutional process, but a strategic necessity.<\/p>\n<p>Avramopoulos also pointed out that in an environment of increasing competition and instability, <b>Europe cannot leave geopolitical gaps<\/b>, as these are inevitably covered by other powers. <\/p>\n<figure><img decoding=\"async\" src=\"https:\/\/tomanifesto.cachefly.net\/tomanifesto\/images\/placeholder.png\" alt=\"image-3-1.jpeg\" data-dpc-media-id=\"187087\" class=\"lazyload\" data-src=\"https:\/\/tomanifesto.cachefly.net\/image\/large\/94\/image-3-1.jpeg\"><\/figure>\n<p>In this context, he <b>characterised enlargement as the strongest geopolitical tool of the European Union<\/b>, which acts as a shield of stability, democracy<\/b> and security.<\/p>\n<p>He made special reference to the <b>war in Ukraine<\/b>, which he described as a turning point for the European continent, noting that it clearly highlighted the need for a more powerful and geopolitically mature Europe.<\/p>\n<figure><img decoding=\"async\" src=\"https:\/\/tomanifesto.cachefly.net\/tomanifesto\/images\/placeholder.png\" alt=\"image-1-1.jpeg\" data-dpc-media-id=\"187086\" class=\"lazyload\" data-src=\"https:\/\/tomanifesto.cachefly.net\/image\/large\/94\/image-1-1.jpeg\"><\/figure>\n<p>He also stressed that <b>the integration of the Western Balkan countries is not only a benefit for the countries themselves<\/b>, but an investment in overall European security and stability.<\/p>\n<p>In conclusion, Avramopoulos stressed that <b>Europe is now called upon to take strategic decisions with a long-term horizon<\/b>, demonstrating unity, political will and a clear geopolitical orientation for its future.<\/p>\n","protected":false},"excerpt":{"rendered":"<p>Former European Commissioner and MEP Dimitris Avramopoulos participated as a keynote speaker at a high-level conference in Ljubljana, Greece, in the &#8230;<\/p>\n","protected":false},"author":1,"featured_media":2845,"comment_status":"","ping_status":"","sticky":false,"template":"","format":"standard","meta":{"_acf_changed":false,"footnotes":""},"categories":[3],"tags":[],"class_list":["post-2844","post","type-post","status-publish","format-standard","has-post-thumbnail","hentry","category-politics"],"acf":[],"_links":{"self":[{"href":"https:\/\/en.tomanifesto.gr\/index.php?rest_route=\/wp\/v2\/posts\/2844","targetHints":{"allow":["GET"]}}],"collection":[{"href":"https:\/\/en.tomanifesto.gr\/index.php?rest_route=\/wp\/v2\/posts"}],"about":[{"href":"https:\/\/en.tomanifesto.gr\/index.php?rest_route=\/wp\/v2\/types\/post"}],"author":[{"embeddable":true,"href":"https:\/\/en.tomanifesto.gr\/index.php?rest_route=\/wp\/v2\/users\/1"}],"replies":[{"embeddable":true,"href":"https:\/\/en.tomanifesto.gr\/index.php?rest_route=%2Fwp%2Fv2%2Fcomments&post=2844"}],"version-history":[{"count":0,"href":"https:\/\/en.tomanifesto.gr\/index.php?rest_route=\/wp\/v2\/posts\/2844\/revisions"}],"wp:featuredmedia":[{"embeddable":true,"href":"https:\/\/en.tomanifesto.gr\/index.php?rest_route=\/wp\/v2\/media\/2845"}],"wp:attachment":[{"href":"https:\/\/en.tomanifesto.gr\/index.php?rest_route=%2Fwp%2Fv2%2Fmedia&parent=2844"}],"wp:term":[{"taxonomy":"category","embeddable":true,"href":"https:\/\/en.tomanifesto.gr\/index.php?rest_route=%2Fwp%2Fv2%2Fcategories&post=2844"},{"taxonomy":"post_tag","embeddable":true,"href":"https:\/\/en.tomanifesto.gr\/index.php?rest_route=%2Fwp%2Fv2%2Ftags&post=2844"}],"curies":[{"name":"wp","href":"https:\/\/api.w.org\/{rel}","templated":true}]}}